{"id":2063,"date":"2020-11-02T13:52:47","date_gmt":"2020-11-02T13:52:47","guid":{"rendered":"http:\/\/www.altusservisi.com\/?p=2063"},"modified":"2020-11-07T14:13:08","modified_gmt":"2020-11-07T14:13:08","slug":"alemdag-mahallesi-regal-servisi","status":"publish","type":"post","link":"https:\/\/www.altusservisi.com\/index.php\/2020\/11\/02\/alemdag-mahallesi-regal-servisi\/","title":{"rendered":"ALEMDA\u011e MAHALLES\u0130 REGAL SERV\u0130S\u0130"},"content":{"rendered":"\n<figure class=\"wp-block-gallery aligncenter columns-1 is-cropped\"><ul class=\"blocks-gallery-grid\"><li class=\"blocks-gallery-item\"><figure><img loading=\"lazy\" width=\"509\" height=\"286\" src=\"http:\/\/www.altusservisi.com\/wp-content\/uploads\/2020\/10\/BIZE-YAPTIRIN-9.png\" alt=\"\" data-id=\"1824\" data-full-url=\"http:\/\/www.altusservisi.com\/wp-content\/uploads\/2020\/10\/BIZE-YAPTIRIN-9.png\" data-link=\"http:\/\/www.altusservisi.com\/?attachment_id=1824\" class=\"wp-image-1824\" srcset=\"https:\/\/www.altusservisi.com\/wp-content\/uploads\/2020\/10\/BIZE-YAPTIRIN-9.png 509w, https:\/\/www.altusservisi.com\/wp-content\/uploads\/2020\/10\/BIZE-YAPTIRIN-9-300x169.png 300w, https:\/\/www.altusservisi.com\/wp-content\/uploads\/2020\/10\/BIZE-YAPTIRIN-9-500x281.png 500w\" sizes=\"(max-width: 509px) 100vw, 509px\" \/><\/figure><\/li><\/ul><\/figure>\n\n\n\n<h2 class=\"has-text-align-center\"><strong><strong><strong>ALEMDA\u011e MAHALLES\u0130 REGAL SERV\u0130S\u0130<\/strong><\/strong><\/strong><\/h2>\n\n\n\n<p>   <strong><strong>Alemda\u011f mahallesi <\/strong>regal servisi<\/strong>, siz de\u011ferli regal beyaz e\u015fya kullan\u0131c\u0131lar\u0131na orjinal par\u00e7a de\u011fi\u015fimi ile yerinde onar\u0131m yapmaktad\u0131r. <strong><strong><strong><strong><strong><strong><strong><strong><strong><strong><strong><strong><strong><strong>Alemda\u011f mahallesi<\/strong><\/strong><\/strong><\/strong><\/strong><\/strong><\/strong><\/strong><\/strong><\/strong><\/strong><\/strong><\/strong><\/strong> <strong><strong>regal<\/strong><\/strong> <strong>servisi <\/strong>beyaz e\u015fyalar\u0131n\u0131z\u0131 \u00e7ok uygun ko\u015fullarda tamir, bak\u0131m, onar\u0131m yapmaktad\u0131r.<strong> <strong><strong><strong><strong><strong><strong><strong><strong><strong><strong><strong><strong><strong><strong><strong>Alemda\u011f mahallesi<\/strong><\/strong><\/strong><\/strong><\/strong><\/strong><\/strong><\/strong><\/strong><\/strong><\/strong><\/strong><\/strong><\/strong><\/strong><\/strong> <strong><strong>regal<\/strong><\/strong> <strong>telefon numaras\u0131<\/strong> 0216 488 1 488 aray\u0131p kay\u0131t b\u0131rak\u0131n.<\/p>\n\n\n\n<p><strong><strong><strong><strong>ALEMDA\u011e MAHALLES\u0130 REGAL SERV\u0130S\u0130<\/strong><\/strong><\/strong><\/strong> <strong>ET\u0130KETLER\u0130 <\/strong><\/p>\n\n\n\n<p class=\"has-text-color\" style=\"color:#d7128f\"><strong>Alemda\u011f mahallesi regal servisi, Alemda\u011f mahallesi regal servis, Alemda\u011f mahallesi regal klima servisi, Alemda\u011f mahallesi regal \u00e7ama\u015f\u0131r makinesi servisi, Alemda\u011f mahallesi regal ayn\u0131 g\u00fcn servis, Alemda\u011f mahallesi regal acil servis, Alemda\u011f mahallesi regal bula\u015f\u0131k makinesi servisi, Alemda\u011f mahallesi regal kurutma makinesi servisi, Alemda\u011f mahallesi regal buzdolab\u0131 servisi, Alemda\u011f mahallesi regal klima servisi, Alemda\u011f mahallesi regal klima montaj servisi, Alemda\u011f mahallesi regal tamir servisi, Alemda\u011f mahallesi regal garantili servis<\/strong><\/p>\n","protected":false},"excerpt":{"rendered":"<p>ALEMDA\u011e MAHALLES\u0130 REGAL SERV\u0130S\u0130 Alemda\u011f mahallesi regal servisi, siz de\u011ferli regal beyaz e\u015fya kullan\u0131c\u0131lar\u0131na orjinal par\u00e7a de\u011fi\u015fimi ile yerinde onar\u0131m yapmaktad\u0131r. Alemda\u011f mahallesi regal servisi beyaz e\u015fyalar\u0131n\u0131z\u0131 \u00e7ok uygun ko\u015fullarda tamir, bak\u0131m, onar\u0131m yapmaktad\u0131r. Alemda\u011f mahallesi regal telefon numaras\u0131 0216 &hellip; <a href=\"https:\/\/www.altusservisi.com\/index.php\/2020\/11\/02\/alemdag-mahallesi-regal-servisi\/\">Okumaya devam et <span class=\"meta-nav\">&rarr;<\/span><\/a><\/p>\n","protected":false},"author":2,"featured_media":0,"comment_status":"closed","ping_status":"closed","sticky":false,"template":"","format":"standard","meta":[],"categories":[2870],"tags":[5787,5786,5788,5790,5785,5793,5791,5784,5789,5783,5782,5792],"yoast_head":"<!-- This site is optimized with the Yoast SEO plugin v17.7.1 - https:\/\/yoast.com\/wordpress\/plugins\/seo\/ -->\n<title>ALEMDA\u011e MAHALLES\u0130 REGAL SERV\u0130S\u0130 - 0216 488 1 488 - SERV\u0130S<\/title>\n<meta name=\"description\" content=\"Alemda\u011f mahallesi regal servisi, siz de\u011ferli regal beyaz e\u015fya kullan\u0131c\u0131lar\u0131na orjinal par\u00e7a de\u011fi\u015fimi ile yerinde onar\u0131m yapmaktad\u0131r.\" \/>\n<meta name=\"robots\" content=\"index, follow, max-snippet:-1, max-image-preview:large, max-video-preview:-1\" \/>\n<link rel=\"canonical\" href=\"https:\/\/www.altusservisi.com\/index.php\/2020\/11\/02\/alemdag-mahallesi-regal-servisi\/\" \/>\n<meta property=\"og:locale\" content=\"tr_TR\" \/>\n<meta property=\"og:type\" content=\"article\" \/>\n<meta property=\"og:title\" content=\"ALEMDA\u011e MAHALLES\u0130 REGAL SERV\u0130S\u0130 - 0216 488 1 488 - SERV\u0130S\" \/>\n<meta property=\"og:description\" content=\"Alemda\u011f mahallesi regal servisi, siz de\u011ferli regal beyaz e\u015fya kullan\u0131c\u0131lar\u0131na orjinal par\u00e7a de\u011fi\u015fimi ile yerinde onar\u0131m yapmaktad\u0131r.\" \/>\n<meta property=\"og:url\" content=\"https:\/\/www.altusservisi.com\/index.php\/2020\/11\/02\/alemdag-mahallesi-regal-servisi\/\" \/>\n<meta property=\"og:site_name\" content=\"SERV\u0130S MERKEZ\u0130\" \/>\n<meta property=\"article:published_time\" content=\"2020-11-02T13:52:47+00:00\" \/>\n<meta property=\"article:modified_time\" content=\"2020-11-07T14:13:08+00:00\" \/>\n<meta property=\"og:image\" content=\"http:\/\/www.altusservisi.com\/wp-content\/uploads\/2020\/10\/BIZE-YAPTIRIN-9.png\" \/>\n<meta name=\"twitter:card\" content=\"summary_large_image\" \/>\n<meta name=\"twitter:label1\" content=\"Yazan:\" \/>\n\t<meta name=\"twitter:data1\" content=\"\u00f6mer can\" \/>\n\t<meta name=\"twitter:label2\" content=\"Tahmini okuma s\u00fcresi\" \/>\n\t<meta name=\"twitter:data2\" content=\"1 dakika\" \/>\n<script type=\"application\/ld+json\" class=\"yoast-schema-graph\">{\"@context\":\"https:\/\/schema.org\",\"@graph\":[{\"@type\":\"WebSite\",\"@id\":\"http:\/\/www.altusservisi.com\/#website\",\"url\":\"http:\/\/www.altusservisi.com\/\",\"name\":\"SERV\\u0130S MERKEZ\\u0130\",\"description\":\"0216 488 1 488 \",\"potentialAction\":[{\"@type\":\"SearchAction\",\"target\":{\"@type\":\"EntryPoint\",\"urlTemplate\":\"http:\/\/www.altusservisi.com\/?s={search_term_string}\"},\"query-input\":\"required name=search_term_string\"}],\"inLanguage\":\"tr\"},{\"@type\":\"ImageObject\",\"@id\":\"https:\/\/www.altusservisi.com\/index.php\/2020\/11\/02\/alemdag-mahallesi-regal-servisi\/#primaryimage\",\"inLanguage\":\"tr\",\"url\":\"http:\/\/www.altusservisi.com\/wp-content\/uploads\/2020\/10\/BIZE-YAPTIRIN-9.png\",\"contentUrl\":\"http:\/\/www.altusservisi.com\/wp-content\/uploads\/2020\/10\/BIZE-YAPTIRIN-9.png\"},{\"@type\":\"WebPage\",\"@id\":\"https:\/\/www.altusservisi.com\/index.php\/2020\/11\/02\/alemdag-mahallesi-regal-servisi\/#webpage\",\"url\":\"https:\/\/www.altusservisi.com\/index.php\/2020\/11\/02\/alemdag-mahallesi-regal-servisi\/\",\"name\":\"ALEMDA\\u011e MAHALLES\\u0130 REGAL SERV\\u0130S\\u0130 - 0216 488 1 488 - SERV\\u0130S\",\"isPartOf\":{\"@id\":\"http:\/\/www.altusservisi.com\/#website\"},\"primaryImageOfPage\":{\"@id\":\"https:\/\/www.altusservisi.com\/index.php\/2020\/11\/02\/alemdag-mahallesi-regal-servisi\/#primaryimage\"},\"datePublished\":\"2020-11-02T13:52:47+00:00\",\"dateModified\":\"2020-11-07T14:13:08+00:00\",\"author\":{\"@id\":\"http:\/\/www.altusservisi.com\/#\/schema\/person\/e6001d8e3b188cd8068e39bd70189e2e\"},\"description\":\"Alemda\\u011f mahallesi regal servisi, siz de\\u011ferli regal beyaz e\\u015fya kullan\\u0131c\\u0131lar\\u0131na orjinal par\\u00e7a de\\u011fi\\u015fimi ile yerinde onar\\u0131m yapmaktad\\u0131r.\",\"breadcrumb\":{\"@id\":\"https:\/\/www.altusservisi.com\/index.php\/2020\/11\/02\/alemdag-mahallesi-regal-servisi\/#breadcrumb\"},\"inLanguage\":\"tr\",\"potentialAction\":[{\"@type\":\"ReadAction\",\"target\":[\"https:\/\/www.altusservisi.com\/index.php\/2020\/11\/02\/alemdag-mahallesi-regal-servisi\/\"]}]},{\"@type\":\"BreadcrumbList\",\"@id\":\"https:\/\/www.altusservisi.com\/index.php\/2020\/11\/02\/alemdag-mahallesi-regal-servisi\/#breadcrumb\",\"itemListElement\":[{\"@type\":\"ListItem\",\"position\":1,\"name\":\"Ana sayfa\",\"item\":\"http:\/\/www.altusservisi.com\/\"},{\"@type\":\"ListItem\",\"position\":2,\"name\":\"ALEMDA\\u011e MAHALLES\\u0130 REGAL SERV\\u0130S\\u0130\"}]},{\"@type\":\"Person\",\"@id\":\"http:\/\/www.altusservisi.com\/#\/schema\/person\/e6001d8e3b188cd8068e39bd70189e2e\",\"name\":\"\\u00f6mer can\",\"image\":{\"@type\":\"ImageObject\",\"@id\":\"http:\/\/www.altusservisi.com\/#personlogo\",\"inLanguage\":\"tr\",\"url\":\"https:\/\/secure.gravatar.com\/avatar\/d8f1745e8d5dc71d2a44b48eb12091b9?s=96&d=mm&r=g\",\"contentUrl\":\"https:\/\/secure.gravatar.com\/avatar\/d8f1745e8d5dc71d2a44b48eb12091b9?s=96&d=mm&r=g\",\"caption\":\"\\u00f6mer can\"},\"url\":\"https:\/\/www.altusservisi.com\/index.php\/author\/omercan\/\"}]}<\/script>\n<!-- \/ Yoast SEO plugin. -->","yoast_head_json":{"title":"ALEMDA\u011e MAHALLES\u0130 REGAL SERV\u0130S\u0130 - 0216 488 1 488 - SERV\u0130S","description":"Alemda\u011f mahallesi regal servisi, siz de\u011ferli regal beyaz e\u015fya kullan\u0131c\u0131lar\u0131na orjinal par\u00e7a de\u011fi\u015fimi ile yerinde onar\u0131m yapmaktad\u0131r.","robots":{"index":"index","follow":"follow","max-snippet":"max-snippet:-1","max-image-preview":"max-image-preview:large","max-video-preview":"max-video-preview:-1"},"canonical":"https:\/\/www.altusservisi.com\/index.php\/2020\/11\/02\/alemdag-mahallesi-regal-servisi\/","og_locale":"tr_TR","og_type":"article","og_title":"ALEMDA\u011e MAHALLES\u0130 REGAL SERV\u0130S\u0130 - 0216 488 1 488 - SERV\u0130S","og_description":"Alemda\u011f mahallesi regal servisi, siz de\u011ferli regal beyaz e\u015fya kullan\u0131c\u0131lar\u0131na orjinal par\u00e7a de\u011fi\u015fimi ile yerinde onar\u0131m yapmaktad\u0131r.","og_url":"https:\/\/www.altusservisi.com\/index.php\/2020\/11\/02\/alemdag-mahallesi-regal-servisi\/","og_site_name":"SERV\u0130S MERKEZ\u0130","article_published_time":"2020-11-02T13:52:47+00:00","article_modified_time":"2020-11-07T14:13:08+00:00","og_image":[{"url":"http:\/\/www.altusservisi.com\/wp-content\/uploads\/2020\/10\/BIZE-YAPTIRIN-9.png"}],"twitter_card":"summary_large_image","twitter_misc":{"Yazan:":"\u00f6mer can","Tahmini okuma s\u00fcresi":"1 dakika"},"schema":{"@context":"https:\/\/schema.org","@graph":[{"@type":"WebSite","@id":"http:\/\/www.altusservisi.com\/#website","url":"http:\/\/www.altusservisi.com\/","name":"SERV\u0130S MERKEZ\u0130","description":"0216 488 1 488 ","potentialAction":[{"@type":"SearchAction","target":{"@type":"EntryPoint","urlTemplate":"http:\/\/www.altusservisi.com\/?s={search_term_string}"},"query-input":"required name=search_term_string"}],"inLanguage":"tr"},{"@type":"ImageObject","@id":"https:\/\/www.altusservisi.com\/index.php\/2020\/11\/02\/alemdag-mahallesi-regal-servisi\/#primaryimage","inLanguage":"tr","url":"http:\/\/www.altusservisi.com\/wp-content\/uploads\/2020\/10\/BIZE-YAPTIRIN-9.png","contentUrl":"http:\/\/www.altusservisi.com\/wp-content\/uploads\/2020\/10\/BIZE-YAPTIRIN-9.png"},{"@type":"WebPage","@id":"https:\/\/www.altusservisi.com\/index.php\/2020\/11\/02\/alemdag-mahallesi-regal-servisi\/#webpage","url":"https:\/\/www.altusservisi.com\/index.php\/2020\/11\/02\/alemdag-mahallesi-regal-servisi\/","name":"ALEMDA\u011e MAHALLES\u0130 REGAL SERV\u0130S\u0130 - 0216 488 1 488 - SERV\u0130S","isPartOf":{"@id":"http:\/\/www.altusservisi.com\/#website"},"primaryImageOfPage":{"@id":"https:\/\/www.altusservisi.com\/index.php\/2020\/11\/02\/alemdag-mahallesi-regal-servisi\/#primaryimage"},"datePublished":"2020-11-02T13:52:47+00:00","dateModified":"2020-11-07T14:13:08+00:00","author":{"@id":"http:\/\/www.altusservisi.com\/#\/schema\/person\/e6001d8e3b188cd8068e39bd70189e2e"},"description":"Alemda\u011f mahallesi regal servisi, siz de\u011ferli regal beyaz e\u015fya kullan\u0131c\u0131lar\u0131na orjinal par\u00e7a de\u011fi\u015fimi ile yerinde onar\u0131m yapmaktad\u0131r.","breadcrumb":{"@id":"https:\/\/www.altusservisi.com\/index.php\/2020\/11\/02\/alemdag-mahallesi-regal-servisi\/#breadcrumb"},"inLanguage":"tr","potentialAction":[{"@type":"ReadAction","target":["https:\/\/www.altusservisi.com\/index.php\/2020\/11\/02\/alemdag-mahallesi-regal-servisi\/"]}]},{"@type":"BreadcrumbList","@id":"https:\/\/www.altusservisi.com\/index.php\/2020\/11\/02\/alemdag-mahallesi-regal-servisi\/#breadcrumb","itemListElement":[{"@type":"ListItem","position":1,"name":"Ana sayfa","item":"http:\/\/www.altusservisi.com\/"},{"@type":"ListItem","position":2,"name":"ALEMDA\u011e MAHALLES\u0130 REGAL SERV\u0130S\u0130"}]},{"@type":"Person","@id":"http:\/\/www.altusservisi.com\/#\/schema\/person\/e6001d8e3b188cd8068e39bd70189e2e","name":"\u00f6mer can","image":{"@type":"ImageObject","@id":"http:\/\/www.altusservisi.com\/#personlogo","inLanguage":"tr","url":"https:\/\/secure.gravatar.com\/avatar\/d8f1745e8d5dc71d2a44b48eb12091b9?s=96&d=mm&r=g","contentUrl":"https:\/\/secure.gravatar.com\/avatar\/d8f1745e8d5dc71d2a44b48eb12091b9?s=96&d=mm&r=g","caption":"\u00f6mer can"},"url":"https:\/\/www.altusservisi.com\/index.php\/author\/omercan\/"}]}},"_links":{"self":[{"href":"https:\/\/www.altusservisi.com\/index.php\/wp-json\/wp\/v2\/posts\/2063"}],"collection":[{"href":"https:\/\/www.altusservisi.com\/index.php\/wp-json\/wp\/v2\/posts"}],"about":[{"href":"https:\/\/www.altusservisi.com\/index.php\/wp-json\/wp\/v2\/types\/post"}],"author":[{"embeddable":true,"href":"https:\/\/www.altusservisi.com\/index.php\/wp-json\/wp\/v2\/users\/2"}],"replies":[{"embeddable":true,"href":"https:\/\/www.altusservisi.com\/index.php\/wp-json\/wp\/v2\/comments?post=2063"}],"version-history":[{"count":1,"href":"https:\/\/www.altusservisi.com\/index.php\/wp-json\/wp\/v2\/posts\/2063\/revisions"}],"predecessor-version":[{"id":2084,"href":"https:\/\/www.altusservisi.com\/index.php\/wp-json\/wp\/v2\/posts\/2063\/revisions\/2084"}],"wp:attachment":[{"href":"https:\/\/www.altusservisi.com\/index.php\/wp-json\/wp\/v2\/media?parent=2063"}],"wp:term":[{"taxonomy":"category","embeddable":true,"href":"https:\/\/www.altusservisi.com\/index.php\/wp-json\/wp\/v2\/categories?post=2063"},{"taxonomy":"post_tag","embeddable":true,"href":"https:\/\/www.altusservisi.com\/index.php\/wp-json\/wp\/v2\/tags?post=2063"}],"curies":[{"name":"wp","href":"https:\/\/api.w.org\/{rel}","templated":true}]}}