{"id":2425,"date":"2020-11-21T21:05:30","date_gmt":"2020-11-21T21:05:30","guid":{"rendered":"http:\/\/www.altusservisi.com\/?p=2425"},"modified":"2020-11-21T21:37:57","modified_gmt":"2020-11-21T21:37:57","slug":"evliya-celebi-mahallesi-regal-servisi","status":"publish","type":"post","link":"https:\/\/www.altusservisi.com\/index.php\/2020\/11\/21\/evliya-celebi-mahallesi-regal-servisi\/","title":{"rendered":"EVL\u0130YA \u00c7ELEB\u0130 MAHALLES\u0130 REGAL SERV\u0130S\u0130"},"content":{"rendered":"\n<div class=\"wp-block-image\"><figure class=\"aligncenter\"><img src=\"http:\/\/www.altusservisi.com\/wp-content\/uploads\/2020\/04\/B%C4%B0ZE-YAPTIRIN.png\" alt=\"DUDULLU REGAL SERV\u0130S\u0130\" class=\"wp-image-166\"\/><\/figure><\/div>\n\n\n\n<h2 class=\"has-text-align-center\"><strong><strong>EVL\u0130YA \u00c7ELEB\u0130 MAHALLES\u0130 REGAL SERV\u0130S\u0130<\/strong><\/strong><\/h2>\n\n\n\n<p>          <strong><strong>Evliya \u00e7elebi mahallesi\u00a0regal<\/strong>\u00a0<strong>servisi<\/strong><\/strong> , siz de\u011ferli regal beyaz e\u015fya kullan\u0131c\u0131lar\u0131na orjinal par\u00e7a de\u011fi\u015fimi ile yerinde onar\u0131m yapmaktad\u0131r.<strong>Evliya \u00e7elebi mahallesi\u00a0regal<\/strong>\u00a0<strong>servisi<\/strong> <strong>\u00a0<\/strong>beyaz e\u015fyalar\u0131n\u0131z\u0131 \u00e7ok uygun ko\u015fullarda tamir, bak\u0131m, onar\u0131m yapmaktad\u0131r.<strong>\u00a0<strong><strong><strong>Evliya \u00e7elebi mahallesi\u00a0regal<\/strong>\u00a0<strong>servisi<\/strong><\/strong><\/strong><\/strong> <strong>telefon numaras\u0131<\/strong>\u00a00216 488 1 488 aray\u0131p kay\u0131t b\u0131rak\u0131n.<\/p>\n\n\n\n<p><strong><strong>EVL\u0130YA \u00c7ELEB\u0130 MAHALLES\u0130 REGAL SERV\u0130S\u0130<\/strong><\/strong> <strong>ET\u0130KETLER\u0130<\/strong><\/p>\n\n\n\n<p><strong>Evliya \u00e7elebi mahallesi regal servisi, Evliya \u00e7elebi mahallesi regal servis, Evliya \u00e7elebi mahallesi regal klima servisi, Evliya \u00e7elebi mahallesi regal \u00e7ama\u015f\u0131r makinesi servisi, Evliya \u00e7elebi mahallesi regal ayn\u0131 g\u00fcn servis, Evliya \u00e7elebi mahallesi regal acil servis, Evliya \u00e7elebi mahallesi regal bula\u015f\u0131k makinesi servisi, Evliya \u00e7elebi mahallesi regal kurutma makinesi servisi, Evliya \u00e7elebi mahallesi regal buzdolab\u0131 servisi, Evliya \u00e7elebi mahallesi regal klima servisi, Evliya \u00e7elebi mahallesi regal klima montaj servisi, Evliya \u00e7elebi mahallesi regal tamir servisi, Evliya \u00e7elebi mahallesi regal garantili servis.<\/strong><\/p>\n","protected":false},"excerpt":{"rendered":"<p>EVL\u0130YA \u00c7ELEB\u0130 MAHALLES\u0130 REGAL SERV\u0130S\u0130 Evliya \u00e7elebi mahallesi\u00a0regal\u00a0servisi , siz de\u011ferli regal beyaz e\u015fya kullan\u0131c\u0131lar\u0131na orjinal par\u00e7a de\u011fi\u015fimi ile yerinde onar\u0131m yapmaktad\u0131r.Evliya \u00e7elebi mahallesi\u00a0regal\u00a0servisi \u00a0beyaz e\u015fyalar\u0131n\u0131z\u0131 \u00e7ok uygun ko\u015fullarda tamir, bak\u0131m, onar\u0131m yapmaktad\u0131r.\u00a0Evliya \u00e7elebi mahallesi\u00a0regal\u00a0servisi telefon numaras\u0131\u00a00216 488 1 488 &hellip; <a href=\"https:\/\/www.altusservisi.com\/index.php\/2020\/11\/21\/evliya-celebi-mahallesi-regal-servisi\/\">Okumaya devam et <span class=\"meta-nav\">&rarr;<\/span><\/a><\/p>\n","protected":false},"author":2,"featured_media":0,"comment_status":"closed","ping_status":"closed","sticky":false,"template":"","format":"standard","meta":[],"categories":[2870],"tags":[6710,6709,6711,6713,6708,6716,6714,6707,6712,6706,6705,6715],"yoast_head":"<!-- This site is optimized with the Yoast SEO plugin v17.7.1 - https:\/\/yoast.com\/wordpress\/plugins\/seo\/ -->\n<title>EVL\u0130YA \u00c7ELEB\u0130 MAHALLES\u0130 REGAL SERV\u0130S\u0130 - 0216 488 1 488 - SERV\u0130S<\/title>\n<meta name=\"description\" content=\"Evliya \u00e7elebi mahallesi regal servisi , siz de\u011ferli regal beyaz e\u015fya kullan\u0131c\u0131lar\u0131na orjinal par\u00e7a de\u011fi\u015fimi ile yerinde onar\u0131m yapmaktad\u0131r.\" \/>\n<meta name=\"robots\" content=\"index, follow, max-snippet:-1, max-image-preview:large, max-video-preview:-1\" \/>\n<link rel=\"canonical\" href=\"https:\/\/www.altusservisi.com\/index.php\/2020\/11\/21\/evliya-celebi-mahallesi-regal-servisi\/\" \/>\n<meta property=\"og:locale\" content=\"tr_TR\" \/>\n<meta property=\"og:type\" content=\"article\" \/>\n<meta property=\"og:title\" content=\"EVL\u0130YA \u00c7ELEB\u0130 MAHALLES\u0130 REGAL SERV\u0130S\u0130 - 0216 488 1 488 - SERV\u0130S\" \/>\n<meta property=\"og:description\" content=\"Evliya \u00e7elebi mahallesi regal servisi , siz de\u011ferli regal beyaz e\u015fya kullan\u0131c\u0131lar\u0131na orjinal par\u00e7a de\u011fi\u015fimi ile yerinde onar\u0131m yapmaktad\u0131r.\" \/>\n<meta property=\"og:url\" content=\"https:\/\/www.altusservisi.com\/index.php\/2020\/11\/21\/evliya-celebi-mahallesi-regal-servisi\/\" \/>\n<meta property=\"og:site_name\" content=\"SERV\u0130S MERKEZ\u0130\" \/>\n<meta property=\"article:published_time\" content=\"2020-11-21T21:05:30+00:00\" \/>\n<meta property=\"article:modified_time\" content=\"2020-11-21T21:37:57+00:00\" \/>\n<meta property=\"og:image\" content=\"http:\/\/www.altusservisi.com\/wp-content\/uploads\/2020\/04\/B%C4%B0ZE-YAPTIRIN.png\" \/>\n<meta name=\"twitter:card\" content=\"summary_large_image\" \/>\n<meta name=\"twitter:label1\" content=\"Yazan:\" \/>\n\t<meta name=\"twitter:data1\" content=\"\u00f6mer can\" \/>\n\t<meta name=\"twitter:label2\" content=\"Tahmini okuma s\u00fcresi\" \/>\n\t<meta name=\"twitter:data2\" content=\"1 dakika\" \/>\n<script type=\"application\/ld+json\" class=\"yoast-schema-graph\">{\"@context\":\"https:\/\/schema.org\",\"@graph\":[{\"@type\":\"WebSite\",\"@id\":\"http:\/\/www.altusservisi.com\/#website\",\"url\":\"http:\/\/www.altusservisi.com\/\",\"name\":\"SERV\\u0130S MERKEZ\\u0130\",\"description\":\"0216 488 1 488 \",\"potentialAction\":[{\"@type\":\"SearchAction\",\"target\":{\"@type\":\"EntryPoint\",\"urlTemplate\":\"http:\/\/www.altusservisi.com\/?s={search_term_string}\"},\"query-input\":\"required name=search_term_string\"}],\"inLanguage\":\"tr\"},{\"@type\":\"ImageObject\",\"@id\":\"https:\/\/www.altusservisi.com\/index.php\/2020\/11\/21\/evliya-celebi-mahallesi-regal-servisi\/#primaryimage\",\"inLanguage\":\"tr\",\"url\":\"http:\/\/www.altusservisi.com\/wp-content\/uploads\/2020\/04\/B%C4%B0ZE-YAPTIRIN.png\",\"contentUrl\":\"http:\/\/www.altusservisi.com\/wp-content\/uploads\/2020\/04\/B%C4%B0ZE-YAPTIRIN.png\"},{\"@type\":\"WebPage\",\"@id\":\"https:\/\/www.altusservisi.com\/index.php\/2020\/11\/21\/evliya-celebi-mahallesi-regal-servisi\/#webpage\",\"url\":\"https:\/\/www.altusservisi.com\/index.php\/2020\/11\/21\/evliya-celebi-mahallesi-regal-servisi\/\",\"name\":\"EVL\\u0130YA \\u00c7ELEB\\u0130 MAHALLES\\u0130 REGAL SERV\\u0130S\\u0130 - 0216 488 1 488 - SERV\\u0130S\",\"isPartOf\":{\"@id\":\"http:\/\/www.altusservisi.com\/#website\"},\"primaryImageOfPage\":{\"@id\":\"https:\/\/www.altusservisi.com\/index.php\/2020\/11\/21\/evliya-celebi-mahallesi-regal-servisi\/#primaryimage\"},\"datePublished\":\"2020-11-21T21:05:30+00:00\",\"dateModified\":\"2020-11-21T21:37:57+00:00\",\"author\":{\"@id\":\"http:\/\/www.altusservisi.com\/#\/schema\/person\/e6001d8e3b188cd8068e39bd70189e2e\"},\"description\":\"Evliya \\u00e7elebi mahallesi regal servisi , siz de\\u011ferli regal beyaz e\\u015fya kullan\\u0131c\\u0131lar\\u0131na orjinal par\\u00e7a de\\u011fi\\u015fimi ile yerinde onar\\u0131m yapmaktad\\u0131r.\",\"breadcrumb\":{\"@id\":\"https:\/\/www.altusservisi.com\/index.php\/2020\/11\/21\/evliya-celebi-mahallesi-regal-servisi\/#breadcrumb\"},\"inLanguage\":\"tr\",\"potentialAction\":[{\"@type\":\"ReadAction\",\"target\":[\"https:\/\/www.altusservisi.com\/index.php\/2020\/11\/21\/evliya-celebi-mahallesi-regal-servisi\/\"]}]},{\"@type\":\"BreadcrumbList\",\"@id\":\"https:\/\/www.altusservisi.com\/index.php\/2020\/11\/21\/evliya-celebi-mahallesi-regal-servisi\/#breadcrumb\",\"itemListElement\":[{\"@type\":\"ListItem\",\"position\":1,\"name\":\"Ana sayfa\",\"item\":\"http:\/\/www.altusservisi.com\/\"},{\"@type\":\"ListItem\",\"position\":2,\"name\":\"EVL\\u0130YA \\u00c7ELEB\\u0130 MAHALLES\\u0130 REGAL SERV\\u0130S\\u0130\"}]},{\"@type\":\"Person\",\"@id\":\"http:\/\/www.altusservisi.com\/#\/schema\/person\/e6001d8e3b188cd8068e39bd70189e2e\",\"name\":\"\\u00f6mer can\",\"image\":{\"@type\":\"ImageObject\",\"@id\":\"http:\/\/www.altusservisi.com\/#personlogo\",\"inLanguage\":\"tr\",\"url\":\"https:\/\/secure.gravatar.com\/avatar\/d8f1745e8d5dc71d2a44b48eb12091b9?s=96&d=mm&r=g\",\"contentUrl\":\"https:\/\/secure.gravatar.com\/avatar\/d8f1745e8d5dc71d2a44b48eb12091b9?s=96&d=mm&r=g\",\"caption\":\"\\u00f6mer can\"},\"url\":\"https:\/\/www.altusservisi.com\/index.php\/author\/omercan\/\"}]}<\/script>\n<!-- \/ Yoast SEO plugin. -->","yoast_head_json":{"title":"EVL\u0130YA \u00c7ELEB\u0130 MAHALLES\u0130 REGAL SERV\u0130S\u0130 - 0216 488 1 488 - SERV\u0130S","description":"Evliya \u00e7elebi mahallesi regal servisi , siz de\u011ferli regal beyaz e\u015fya kullan\u0131c\u0131lar\u0131na orjinal par\u00e7a de\u011fi\u015fimi ile yerinde onar\u0131m yapmaktad\u0131r.","robots":{"index":"index","follow":"follow","max-snippet":"max-snippet:-1","max-image-preview":"max-image-preview:large","max-video-preview":"max-video-preview:-1"},"canonical":"https:\/\/www.altusservisi.com\/index.php\/2020\/11\/21\/evliya-celebi-mahallesi-regal-servisi\/","og_locale":"tr_TR","og_type":"article","og_title":"EVL\u0130YA \u00c7ELEB\u0130 MAHALLES\u0130 REGAL SERV\u0130S\u0130 - 0216 488 1 488 - SERV\u0130S","og_description":"Evliya \u00e7elebi mahallesi regal servisi , siz de\u011ferli regal beyaz e\u015fya kullan\u0131c\u0131lar\u0131na orjinal par\u00e7a de\u011fi\u015fimi ile yerinde onar\u0131m yapmaktad\u0131r.","og_url":"https:\/\/www.altusservisi.com\/index.php\/2020\/11\/21\/evliya-celebi-mahallesi-regal-servisi\/","og_site_name":"SERV\u0130S MERKEZ\u0130","article_published_time":"2020-11-21T21:05:30+00:00","article_modified_time":"2020-11-21T21:37:57+00:00","og_image":[{"url":"http:\/\/www.altusservisi.com\/wp-content\/uploads\/2020\/04\/B%C4%B0ZE-YAPTIRIN.png"}],"twitter_card":"summary_large_image","twitter_misc":{"Yazan:":"\u00f6mer can","Tahmini okuma s\u00fcresi":"1 dakika"},"schema":{"@context":"https:\/\/schema.org","@graph":[{"@type":"WebSite","@id":"http:\/\/www.altusservisi.com\/#website","url":"http:\/\/www.altusservisi.com\/","name":"SERV\u0130S MERKEZ\u0130","description":"0216 488 1 488 ","potentialAction":[{"@type":"SearchAction","target":{"@type":"EntryPoint","urlTemplate":"http:\/\/www.altusservisi.com\/?s={search_term_string}"},"query-input":"required name=search_term_string"}],"inLanguage":"tr"},{"@type":"ImageObject","@id":"https:\/\/www.altusservisi.com\/index.php\/2020\/11\/21\/evliya-celebi-mahallesi-regal-servisi\/#primaryimage","inLanguage":"tr","url":"http:\/\/www.altusservisi.com\/wp-content\/uploads\/2020\/04\/B%C4%B0ZE-YAPTIRIN.png","contentUrl":"http:\/\/www.altusservisi.com\/wp-content\/uploads\/2020\/04\/B%C4%B0ZE-YAPTIRIN.png"},{"@type":"WebPage","@id":"https:\/\/www.altusservisi.com\/index.php\/2020\/11\/21\/evliya-celebi-mahallesi-regal-servisi\/#webpage","url":"https:\/\/www.altusservisi.com\/index.php\/2020\/11\/21\/evliya-celebi-mahallesi-regal-servisi\/","name":"EVL\u0130YA \u00c7ELEB\u0130 MAHALLES\u0130 REGAL SERV\u0130S\u0130 - 0216 488 1 488 - SERV\u0130S","isPartOf":{"@id":"http:\/\/www.altusservisi.com\/#website"},"primaryImageOfPage":{"@id":"https:\/\/www.altusservisi.com\/index.php\/2020\/11\/21\/evliya-celebi-mahallesi-regal-servisi\/#primaryimage"},"datePublished":"2020-11-21T21:05:30+00:00","dateModified":"2020-11-21T21:37:57+00:00","author":{"@id":"http:\/\/www.altusservisi.com\/#\/schema\/person\/e6001d8e3b188cd8068e39bd70189e2e"},"description":"Evliya \u00e7elebi mahallesi regal servisi , siz de\u011ferli regal beyaz e\u015fya kullan\u0131c\u0131lar\u0131na orjinal par\u00e7a de\u011fi\u015fimi ile yerinde onar\u0131m yapmaktad\u0131r.","breadcrumb":{"@id":"https:\/\/www.altusservisi.com\/index.php\/2020\/11\/21\/evliya-celebi-mahallesi-regal-servisi\/#breadcrumb"},"inLanguage":"tr","potentialAction":[{"@type":"ReadAction","target":["https:\/\/www.altusservisi.com\/index.php\/2020\/11\/21\/evliya-celebi-mahallesi-regal-servisi\/"]}]},{"@type":"BreadcrumbList","@id":"https:\/\/www.altusservisi.com\/index.php\/2020\/11\/21\/evliya-celebi-mahallesi-regal-servisi\/#breadcrumb","itemListElement":[{"@type":"ListItem","position":1,"name":"Ana sayfa","item":"http:\/\/www.altusservisi.com\/"},{"@type":"ListItem","position":2,"name":"EVL\u0130YA \u00c7ELEB\u0130 MAHALLES\u0130 REGAL SERV\u0130S\u0130"}]},{"@type":"Person","@id":"http:\/\/www.altusservisi.com\/#\/schema\/person\/e6001d8e3b188cd8068e39bd70189e2e","name":"\u00f6mer can","image":{"@type":"ImageObject","@id":"http:\/\/www.altusservisi.com\/#personlogo","inLanguage":"tr","url":"https:\/\/secure.gravatar.com\/avatar\/d8f1745e8d5dc71d2a44b48eb12091b9?s=96&d=mm&r=g","contentUrl":"https:\/\/secure.gravatar.com\/avatar\/d8f1745e8d5dc71d2a44b48eb12091b9?s=96&d=mm&r=g","caption":"\u00f6mer can"},"url":"https:\/\/www.altusservisi.com\/index.php\/author\/omercan\/"}]}},"_links":{"self":[{"href":"https:\/\/www.altusservisi.com\/index.php\/wp-json\/wp\/v2\/posts\/2425"}],"collection":[{"href":"https:\/\/www.altusservisi.com\/index.php\/wp-json\/wp\/v2\/posts"}],"about":[{"href":"https:\/\/www.altusservisi.com\/index.php\/wp-json\/wp\/v2\/types\/post"}],"author":[{"embeddable":true,"href":"https:\/\/www.altusservisi.com\/index.php\/wp-json\/wp\/v2\/users\/2"}],"replies":[{"embeddable":true,"href":"https:\/\/www.altusservisi.com\/index.php\/wp-json\/wp\/v2\/comments?post=2425"}],"version-history":[{"count":1,"href":"https:\/\/www.altusservisi.com\/index.php\/wp-json\/wp\/v2\/posts\/2425\/revisions"}],"predecessor-version":[{"id":2434,"href":"https:\/\/www.altusservisi.com\/index.php\/wp-json\/wp\/v2\/posts\/2425\/revisions\/2434"}],"wp:attachment":[{"href":"https:\/\/www.altusservisi.com\/index.php\/wp-json\/wp\/v2\/media?parent=2425"}],"wp:term":[{"taxonomy":"category","embeddable":true,"href":"https:\/\/www.altusservisi.com\/index.php\/wp-json\/wp\/v2\/categories?post=2425"},{"taxonomy":"post_tag","embeddable":true,"href":"https:\/\/www.altusservisi.com\/index.php\/wp-json\/wp\/v2\/tags?post=2425"}],"curies":[{"name":"wp","href":"https:\/\/api.w.org\/{rel}","templated":true}]}}