{"id":4291,"date":"2021-12-11T14:00:36","date_gmt":"2021-12-11T14:00:36","guid":{"rendered":"http:\/\/www.altusservisi.com\/?p=4291"},"modified":"2021-12-11T14:00:47","modified_gmt":"2021-12-11T14:00:47","slug":"kandilli-mahallesi-arcelik-servisi","status":"publish","type":"post","link":"https:\/\/www.altusservisi.com\/index.php\/2021\/12\/11\/kandilli-mahallesi-arcelik-servisi\/","title":{"rendered":"KAND\u0130LL\u0130 MAHALLES\u0130 AR\u00c7EL\u0130K SERV\u0130S\u0130"},"content":{"rendered":"\n<figure class=\"wp-block-gallery aligncenter columns-1 is-cropped\"><ul class=\"blocks-gallery-grid\"><li class=\"blocks-gallery-item\"><figure><img loading=\"lazy\" width=\"509\" height=\"286\" src=\"http:\/\/www.altusservisi.com\/wp-content\/uploads\/2020\/10\/BIZE-YAPTIRIN-9.png\" alt=\"KAND\u0130LL\u0130 MAHALLES\u0130 AR\u00c7EL\u0130K SERV\u0130S\u0130\" data-id=\"1824\" data-full-url=\"http:\/\/www.altusservisi.com\/wp-content\/uploads\/2020\/10\/BIZE-YAPTIRIN-9.png\" data-link=\"http:\/\/www.altusservisi.com\/index.php\/2020\/10\/26\/cengelkoy-regal-servisi\/bize-yaptirin-9\/\" class=\"wp-image-1824\" srcset=\"https:\/\/www.altusservisi.com\/wp-content\/uploads\/2020\/10\/BIZE-YAPTIRIN-9.png 509w, https:\/\/www.altusservisi.com\/wp-content\/uploads\/2020\/10\/BIZE-YAPTIRIN-9-300x169.png 300w, https:\/\/www.altusservisi.com\/wp-content\/uploads\/2020\/10\/BIZE-YAPTIRIN-9-500x281.png 500w\" sizes=\"(max-width: 509px) 100vw, 509px\" \/><\/figure><\/li><\/ul><\/figure>\n\n\n\n<h2 class=\"has-text-align-center\"><strong>KAND\u0130LL\u0130 MAHALLES\u0130 <strong>AR\u00c7EL\u0130K<\/strong><\/strong> <strong>SERV\u0130S\u0130<\/strong><\/h2>\n\n\n\n<p>   <strong>Kandilli mahallesi <strong><strong>ar\u00e7elik<\/strong><\/strong><\/strong> <strong>servisi<\/strong>, siz de\u011ferli ar\u00e7elik beyaz e\u015fya kullan\u0131c\u0131lar\u0131na orjinal par\u00e7a de\u011fi\u015fimi ile yerinde onar\u0131m yapmaktad\u0131r.\u00a0<strong><strong><strong>Kandilli<\/strong><\/strong><\/strong> <strong>mahallesi <strong><strong>ar\u00e7elik<\/strong><\/strong><\/strong> <strong>servisi\u00a0<\/strong>beyaz e\u015fyalar\u0131n\u0131z\u0131 \u00e7ok uygun ko\u015fullarda tamir, bak\u0131m, onar\u0131m yapmaktad\u0131r.\u00a0<strong><strong><strong>Kandilli<\/strong><\/strong><\/strong> <strong>mahallesi<\/strong> <strong><strong><strong>ar\u00e7elik<\/strong><\/strong><\/strong> aray\u0131p kay\u0131t b\u0131rak\u0131n.<\/p>\n\n\n\n<p><strong>KAND\u0130LL\u0130 MAHALLES\u0130 AR\u00c7EL\u0130K<\/strong> <strong>SERV\u0130S\u0130<\/strong> <strong>ET\u0130KETLER\u0130<\/strong><\/p>\n\n\n\n<p class=\"has-text-color\" style=\"color:#f115a1\"><strong>Kandilli mahallesi ar\u00e7elik servisi, Kandilli mahallesi ar\u00e7elik servis, Kandilli mahallesi ar\u00e7elik klima servisi, Kandilli mahallesi ar\u00e7elik \u00e7ama\u015f\u0131r makinesi servisi, Kandilli mahallesi ar\u00e7elik ayn\u0131 g\u00fcn servis, Kandilli mahallesi ar\u00e7elik acil servis, Kandilli mahallesi ar\u00e7elik bula\u015f\u0131k makinesi servisi, Kandilli mahallesi ar\u00e7elik kurutma makinesi servisi, Kandilli mahallesi ar\u00e7elik buzdolab\u0131 servisi, Kandilli mahallesi ar\u00e7elik klima servisi, Kandilli mahallesi ar\u00e7elik klima montaj servisi, Kandilli mahallesi ar\u00e7elik tamir servisi, Kandilli mahallesi ar\u00e7elik garantili servis,<\/strong><\/p>\n","protected":false},"excerpt":{"rendered":"<p>KAND\u0130LL\u0130 MAHALLES\u0130 AR\u00c7EL\u0130K SERV\u0130S\u0130 Kandilli mahallesi ar\u00e7elik servisi, siz de\u011ferli ar\u00e7elik beyaz e\u015fya kullan\u0131c\u0131lar\u0131na orjinal par\u00e7a de\u011fi\u015fimi ile yerinde onar\u0131m yapmaktad\u0131r.\u00a0Kandilli mahallesi ar\u00e7elik servisi\u00a0beyaz e\u015fyalar\u0131n\u0131z\u0131 \u00e7ok uygun ko\u015fullarda tamir, bak\u0131m, onar\u0131m yapmaktad\u0131r.\u00a0Kandilli mahallesi ar\u00e7elik aray\u0131p kay\u0131t b\u0131rak\u0131n. KAND\u0130LL\u0130 MAHALLES\u0130 AR\u00c7EL\u0130K &hellip; <a href=\"https:\/\/www.altusservisi.com\/index.php\/2021\/12\/11\/kandilli-mahallesi-arcelik-servisi\/\">Okumaya devam et <span class=\"meta-nav\">&rarr;<\/span><\/a><\/p>\n","protected":false},"author":2,"featured_media":0,"comment_status":"closed","ping_status":"closed","sticky":false,"template":"","format":"standard","meta":[],"categories":[3902],"tags":[12891,12890,12892,12894,12889,12897,12895,12888,12893,12887,12886,12896],"yoast_head":"<!-- This site is optimized with the Yoast SEO plugin v17.7.1 - https:\/\/yoast.com\/wordpress\/plugins\/seo\/ -->\n<title>KAND\u0130LL\u0130 MAHALLES\u0130 AR\u00c7EL\u0130K SERV\u0130S\u0130 - 0216 488 1 488 -<\/title>\n<meta name=\"description\" content=\"Kandilli mahallesi ar\u00e7elik servisi, siz de\u011ferli ar\u00e7elik beyaz e\u015fya kullan\u0131c\u0131lar\u0131na orjinal par\u00e7a de\u011fi\u015fimi ile yerinde onar\u0131m yapmaktad\u0131r.\" \/>\n<meta name=\"robots\" content=\"index, follow, max-snippet:-1, max-image-preview:large, max-video-preview:-1\" \/>\n<link rel=\"canonical\" href=\"http:\/\/www.altusservisi.com\/index.php\/2021\/12\/11\/kandilli-mahallesi-arcelik-servisi\/\" \/>\n<meta property=\"og:locale\" content=\"tr_TR\" \/>\n<meta property=\"og:type\" content=\"article\" \/>\n<meta property=\"og:title\" content=\"KAND\u0130LL\u0130 MAHALLES\u0130 AR\u00c7EL\u0130K SERV\u0130S\u0130 - 0216 488 1 488 -\" \/>\n<meta property=\"og:description\" content=\"Kandilli mahallesi ar\u00e7elik servisi, siz de\u011ferli ar\u00e7elik beyaz e\u015fya kullan\u0131c\u0131lar\u0131na orjinal par\u00e7a de\u011fi\u015fimi ile yerinde onar\u0131m yapmaktad\u0131r.\" \/>\n<meta property=\"og:url\" content=\"http:\/\/www.altusservisi.com\/index.php\/2021\/12\/11\/kandilli-mahallesi-arcelik-servisi\/\" \/>\n<meta property=\"og:site_name\" content=\"SERV\u0130S MERKEZ\u0130\" \/>\n<meta property=\"article:published_time\" content=\"2021-12-11T14:00:36+00:00\" \/>\n<meta property=\"article:modified_time\" content=\"2021-12-11T14:00:47+00:00\" \/>\n<meta property=\"og:image\" content=\"http:\/\/www.altusservisi.com\/wp-content\/uploads\/2020\/10\/BIZE-YAPTIRIN-9.png\" \/>\n<meta name=\"twitter:card\" content=\"summary_large_image\" \/>\n<meta name=\"twitter:label1\" content=\"Yazan:\" \/>\n\t<meta name=\"twitter:data1\" content=\"\u00f6mer can\" \/>\n\t<meta name=\"twitter:label2\" content=\"Tahmini okuma s\u00fcresi\" \/>\n\t<meta name=\"twitter:data2\" content=\"1 dakika\" \/>\n<script type=\"application\/ld+json\" class=\"yoast-schema-graph\">{\"@context\":\"https:\/\/schema.org\",\"@graph\":[{\"@type\":\"WebSite\",\"@id\":\"http:\/\/www.altusservisi.com\/#website\",\"url\":\"http:\/\/www.altusservisi.com\/\",\"name\":\"SERV\\u0130S MERKEZ\\u0130\",\"description\":\"0216 488 1 488 \",\"potentialAction\":[{\"@type\":\"SearchAction\",\"target\":{\"@type\":\"EntryPoint\",\"urlTemplate\":\"http:\/\/www.altusservisi.com\/?s={search_term_string}\"},\"query-input\":\"required name=search_term_string\"}],\"inLanguage\":\"tr\"},{\"@type\":\"ImageObject\",\"@id\":\"http:\/\/www.altusservisi.com\/index.php\/2021\/12\/11\/kandilli-mahallesi-arcelik-servisi\/#primaryimage\",\"inLanguage\":\"tr\",\"url\":\"http:\/\/www.altusservisi.com\/wp-content\/uploads\/2020\/10\/BIZE-YAPTIRIN-9.png\",\"contentUrl\":\"http:\/\/www.altusservisi.com\/wp-content\/uploads\/2020\/10\/BIZE-YAPTIRIN-9.png\"},{\"@type\":\"WebPage\",\"@id\":\"http:\/\/www.altusservisi.com\/index.php\/2021\/12\/11\/kandilli-mahallesi-arcelik-servisi\/#webpage\",\"url\":\"http:\/\/www.altusservisi.com\/index.php\/2021\/12\/11\/kandilli-mahallesi-arcelik-servisi\/\",\"name\":\"KAND\\u0130LL\\u0130 MAHALLES\\u0130 AR\\u00c7EL\\u0130K SERV\\u0130S\\u0130 - 0216 488 1 488 -\",\"isPartOf\":{\"@id\":\"http:\/\/www.altusservisi.com\/#website\"},\"primaryImageOfPage\":{\"@id\":\"http:\/\/www.altusservisi.com\/index.php\/2021\/12\/11\/kandilli-mahallesi-arcelik-servisi\/#primaryimage\"},\"datePublished\":\"2021-12-11T14:00:36+00:00\",\"dateModified\":\"2021-12-11T14:00:47+00:00\",\"author\":{\"@id\":\"http:\/\/www.altusservisi.com\/#\/schema\/person\/e6001d8e3b188cd8068e39bd70189e2e\"},\"description\":\"Kandilli mahallesi ar\\u00e7elik servisi, siz de\\u011ferli ar\\u00e7elik beyaz e\\u015fya kullan\\u0131c\\u0131lar\\u0131na orjinal par\\u00e7a de\\u011fi\\u015fimi ile yerinde onar\\u0131m yapmaktad\\u0131r.\",\"breadcrumb\":{\"@id\":\"http:\/\/www.altusservisi.com\/index.php\/2021\/12\/11\/kandilli-mahallesi-arcelik-servisi\/#breadcrumb\"},\"inLanguage\":\"tr\",\"potentialAction\":[{\"@type\":\"ReadAction\",\"target\":[\"http:\/\/www.altusservisi.com\/index.php\/2021\/12\/11\/kandilli-mahallesi-arcelik-servisi\/\"]}]},{\"@type\":\"BreadcrumbList\",\"@id\":\"http:\/\/www.altusservisi.com\/index.php\/2021\/12\/11\/kandilli-mahallesi-arcelik-servisi\/#breadcrumb\",\"itemListElement\":[{\"@type\":\"ListItem\",\"position\":1,\"name\":\"Ana sayfa\",\"item\":\"http:\/\/www.altusservisi.com\/\"},{\"@type\":\"ListItem\",\"position\":2,\"name\":\"KAND\\u0130LL\\u0130 MAHALLES\\u0130 AR\\u00c7EL\\u0130K SERV\\u0130S\\u0130\"}]},{\"@type\":\"Person\",\"@id\":\"http:\/\/www.altusservisi.com\/#\/schema\/person\/e6001d8e3b188cd8068e39bd70189e2e\",\"name\":\"\\u00f6mer can\",\"image\":{\"@type\":\"ImageObject\",\"@id\":\"http:\/\/www.altusservisi.com\/#personlogo\",\"inLanguage\":\"tr\",\"url\":\"https:\/\/secure.gravatar.com\/avatar\/d8f1745e8d5dc71d2a44b48eb12091b9?s=96&d=mm&r=g\",\"contentUrl\":\"https:\/\/secure.gravatar.com\/avatar\/d8f1745e8d5dc71d2a44b48eb12091b9?s=96&d=mm&r=g\",\"caption\":\"\\u00f6mer can\"},\"url\":\"https:\/\/www.altusservisi.com\/index.php\/author\/omercan\/\"}]}<\/script>\n<!-- \/ Yoast SEO plugin. -->","yoast_head_json":{"title":"KAND\u0130LL\u0130 MAHALLES\u0130 AR\u00c7EL\u0130K SERV\u0130S\u0130 - 0216 488 1 488 -","description":"Kandilli mahallesi ar\u00e7elik servisi, siz de\u011ferli ar\u00e7elik beyaz e\u015fya kullan\u0131c\u0131lar\u0131na orjinal par\u00e7a de\u011fi\u015fimi ile yerinde onar\u0131m yapmaktad\u0131r.","robots":{"index":"index","follow":"follow","max-snippet":"max-snippet:-1","max-image-preview":"max-image-preview:large","max-video-preview":"max-video-preview:-1"},"canonical":"http:\/\/www.altusservisi.com\/index.php\/2021\/12\/11\/kandilli-mahallesi-arcelik-servisi\/","og_locale":"tr_TR","og_type":"article","og_title":"KAND\u0130LL\u0130 MAHALLES\u0130 AR\u00c7EL\u0130K SERV\u0130S\u0130 - 0216 488 1 488 -","og_description":"Kandilli mahallesi ar\u00e7elik servisi, siz de\u011ferli ar\u00e7elik beyaz e\u015fya kullan\u0131c\u0131lar\u0131na orjinal par\u00e7a de\u011fi\u015fimi ile yerinde onar\u0131m yapmaktad\u0131r.","og_url":"http:\/\/www.altusservisi.com\/index.php\/2021\/12\/11\/kandilli-mahallesi-arcelik-servisi\/","og_site_name":"SERV\u0130S MERKEZ\u0130","article_published_time":"2021-12-11T14:00:36+00:00","article_modified_time":"2021-12-11T14:00:47+00:00","og_image":[{"url":"http:\/\/www.altusservisi.com\/wp-content\/uploads\/2020\/10\/BIZE-YAPTIRIN-9.png"}],"twitter_card":"summary_large_image","twitter_misc":{"Yazan:":"\u00f6mer can","Tahmini okuma s\u00fcresi":"1 dakika"},"schema":{"@context":"https:\/\/schema.org","@graph":[{"@type":"WebSite","@id":"http:\/\/www.altusservisi.com\/#website","url":"http:\/\/www.altusservisi.com\/","name":"SERV\u0130S MERKEZ\u0130","description":"0216 488 1 488 ","potentialAction":[{"@type":"SearchAction","target":{"@type":"EntryPoint","urlTemplate":"http:\/\/www.altusservisi.com\/?s={search_term_string}"},"query-input":"required name=search_term_string"}],"inLanguage":"tr"},{"@type":"ImageObject","@id":"http:\/\/www.altusservisi.com\/index.php\/2021\/12\/11\/kandilli-mahallesi-arcelik-servisi\/#primaryimage","inLanguage":"tr","url":"http:\/\/www.altusservisi.com\/wp-content\/uploads\/2020\/10\/BIZE-YAPTIRIN-9.png","contentUrl":"http:\/\/www.altusservisi.com\/wp-content\/uploads\/2020\/10\/BIZE-YAPTIRIN-9.png"},{"@type":"WebPage","@id":"http:\/\/www.altusservisi.com\/index.php\/2021\/12\/11\/kandilli-mahallesi-arcelik-servisi\/#webpage","url":"http:\/\/www.altusservisi.com\/index.php\/2021\/12\/11\/kandilli-mahallesi-arcelik-servisi\/","name":"KAND\u0130LL\u0130 MAHALLES\u0130 AR\u00c7EL\u0130K SERV\u0130S\u0130 - 0216 488 1 488 -","isPartOf":{"@id":"http:\/\/www.altusservisi.com\/#website"},"primaryImageOfPage":{"@id":"http:\/\/www.altusservisi.com\/index.php\/2021\/12\/11\/kandilli-mahallesi-arcelik-servisi\/#primaryimage"},"datePublished":"2021-12-11T14:00:36+00:00","dateModified":"2021-12-11T14:00:47+00:00","author":{"@id":"http:\/\/www.altusservisi.com\/#\/schema\/person\/e6001d8e3b188cd8068e39bd70189e2e"},"description":"Kandilli mahallesi ar\u00e7elik servisi, siz de\u011ferli ar\u00e7elik beyaz e\u015fya kullan\u0131c\u0131lar\u0131na orjinal par\u00e7a de\u011fi\u015fimi ile yerinde onar\u0131m yapmaktad\u0131r.","breadcrumb":{"@id":"http:\/\/www.altusservisi.com\/index.php\/2021\/12\/11\/kandilli-mahallesi-arcelik-servisi\/#breadcrumb"},"inLanguage":"tr","potentialAction":[{"@type":"ReadAction","target":["http:\/\/www.altusservisi.com\/index.php\/2021\/12\/11\/kandilli-mahallesi-arcelik-servisi\/"]}]},{"@type":"BreadcrumbList","@id":"http:\/\/www.altusservisi.com\/index.php\/2021\/12\/11\/kandilli-mahallesi-arcelik-servisi\/#breadcrumb","itemListElement":[{"@type":"ListItem","position":1,"name":"Ana sayfa","item":"http:\/\/www.altusservisi.com\/"},{"@type":"ListItem","position":2,"name":"KAND\u0130LL\u0130 MAHALLES\u0130 AR\u00c7EL\u0130K SERV\u0130S\u0130"}]},{"@type":"Person","@id":"http:\/\/www.altusservisi.com\/#\/schema\/person\/e6001d8e3b188cd8068e39bd70189e2e","name":"\u00f6mer can","image":{"@type":"ImageObject","@id":"http:\/\/www.altusservisi.com\/#personlogo","inLanguage":"tr","url":"https:\/\/secure.gravatar.com\/avatar\/d8f1745e8d5dc71d2a44b48eb12091b9?s=96&d=mm&r=g","contentUrl":"https:\/\/secure.gravatar.com\/avatar\/d8f1745e8d5dc71d2a44b48eb12091b9?s=96&d=mm&r=g","caption":"\u00f6mer can"},"url":"https:\/\/www.altusservisi.com\/index.php\/author\/omercan\/"}]}},"_links":{"self":[{"href":"https:\/\/www.altusservisi.com\/index.php\/wp-json\/wp\/v2\/posts\/4291"}],"collection":[{"href":"https:\/\/www.altusservisi.com\/index.php\/wp-json\/wp\/v2\/posts"}],"about":[{"href":"https:\/\/www.altusservisi.com\/index.php\/wp-json\/wp\/v2\/types\/post"}],"author":[{"embeddable":true,"href":"https:\/\/www.altusservisi.com\/index.php\/wp-json\/wp\/v2\/users\/2"}],"replies":[{"embeddable":true,"href":"https:\/\/www.altusservisi.com\/index.php\/wp-json\/wp\/v2\/comments?post=4291"}],"version-history":[{"count":1,"href":"https:\/\/www.altusservisi.com\/index.php\/wp-json\/wp\/v2\/posts\/4291\/revisions"}],"predecessor-version":[{"id":4331,"href":"https:\/\/www.altusservisi.com\/index.php\/wp-json\/wp\/v2\/posts\/4291\/revisions\/4331"}],"wp:attachment":[{"href":"https:\/\/www.altusservisi.com\/index.php\/wp-json\/wp\/v2\/media?parent=4291"}],"wp:term":[{"taxonomy":"category","embeddable":true,"href":"https:\/\/www.altusservisi.com\/index.php\/wp-json\/wp\/v2\/categories?post=4291"},{"taxonomy":"post_tag","embeddable":true,"href":"https:\/\/www.altusservisi.com\/index.php\/wp-json\/wp\/v2\/tags?post=4291"}],"curies":[{"name":"wp","href":"https:\/\/api.w.org\/{rel}","templated":true}]}}